{"id":899,"date":"2020-02-20T17:01:05","date_gmt":"2020-02-20T15:01:05","guid":{"rendered":"http:\/\/www.gussmagg-art.com\/blog\/?p=899"},"modified":"2020-09-17T10:42:24","modified_gmt":"2020-09-17T08:42:24","slug":"die-visuelle-klammer","status":"publish","type":"post","link":"https:\/\/gussmagg-art.net\/?p=899","title":{"rendered":"Die visuelle Klammer"},"content":{"rendered":"<p>Alle 2 Jahre findet einer der gr\u00f6\u00dften Innovationskongresse Europas in Villach statt. Seit 2013 arbeite ich als \u201eKongressk\u00fcnstler\u201c immer wieder daran, die Trends und Stimmungen in verschiedener Form visuell festzuhalten. Diesmal habe ich mir zur Aufgabe gemacht 2 voneinander getrennte Bilder zu entwickeln. Das Erste ist ein GRAPHIC RECORDING, welches spontan w\u00e4hrend der Vortr\u00e4ge am Publikumstag entsteht. W\u00e4hrend das zweite Bild als k\u00fcnstlerische Collage einen \u00dcberblick \u00fcber alle Themencluster der vollen 3 Tage vermittelt und erst im Nachhinein produziert wird. Und damit sozusagen als eine visuelle Klammer die gesamte Veranstaltung zusammen zurrt. Beide Bilder habe ich am IPAD Pro digital entwickelt und gezeichnet. Das GRAPHIC RECORDING wird auch gleich am Ende des Tages via Projektion auf der Hauptb\u00fchne dem Publikum vorgestellt. Das bringt f\u00fcr die Veranstaltung immer einen guten Showeffekt und erinnert die Teilnehmer in einem visuellen Summary nochmals an die Schwerpunkte des Tages.<\/p>\n<p>Photocredits: Caroline Knauder<\/p>\n<p><a href=\"http:\/\/www.gussmagg-art.com\/blog\/wp-content\/uploads\/2020\/02\/2019-Kongress-4.jpg\"><img loading=\"lazy\" class=\"alignnone size-medium wp-image-910\" src=\"http:\/\/www.gussmagg-art.com\/blog\/wp-content\/uploads\/2020\/02\/2019-Kongress-4-300x169.jpg\" alt=\"2019 Kongress 4\" width=\"300\" height=\"169\" srcset=\"https:\/\/gussmagg-art.net\/wp-content\/uploads\/2020\/02\/2019-Kongress-4-300x169.jpg 300w, https:\/\/gussmagg-art.net\/wp-content\/uploads\/2020\/02\/2019-Kongress-4-1024x575.jpg 1024w, https:\/\/gussmagg-art.net\/wp-content\/uploads\/2020\/02\/2019-Kongress-4.jpg 1949w\" sizes=\"(max-width: 300px) 100vw, 300px\" \/><\/a> <a href=\"http:\/\/www.gussmagg-art.com\/blog\/wp-content\/uploads\/2020\/02\/2019-Kongress-2.jpg\"><img loading=\"lazy\" class=\"alignnone size-medium wp-image-908\" src=\"http:\/\/www.gussmagg-art.com\/blog\/wp-content\/uploads\/2020\/02\/2019-Kongress-2-300x201.jpg\" alt=\"2019 Kongress 2\" width=\"300\" height=\"201\" srcset=\"https:\/\/gussmagg-art.net\/wp-content\/uploads\/2020\/02\/2019-Kongress-2-300x201.jpg 300w, https:\/\/gussmagg-art.net\/wp-content\/uploads\/2020\/02\/2019-Kongress-2.jpg 960w\" sizes=\"(max-width: 300px) 100vw, 300px\" \/><\/a><a href=\"http:\/\/www.gussmagg-art.com\/blog\/wp-content\/uploads\/2020\/02\/2019-Kongress.jpg\"><img loading=\"lazy\" class=\"alignnone size-medium wp-image-911\" src=\"http:\/\/www.gussmagg-art.com\/blog\/wp-content\/uploads\/2020\/02\/2019-Kongress-300x225.jpg\" alt=\"2019 Kongress\" width=\"300\" height=\"225\" srcset=\"https:\/\/gussmagg-art.net\/wp-content\/uploads\/2020\/02\/2019-Kongress-300x225.jpg 300w, https:\/\/gussmagg-art.net\/wp-content\/uploads\/2020\/02\/2019-Kongress.jpg 526w\" sizes=\"(max-width: 300px) 100vw, 300px\" \/><\/a> <a href=\"http:\/\/www.gussmagg-art.com\/blog\/wp-content\/uploads\/2020\/02\/2019-Kongress-1.jpg\"><img loading=\"lazy\" class=\"alignnone size-medium wp-image-907\" src=\"http:\/\/www.gussmagg-art.com\/blog\/wp-content\/uploads\/2020\/02\/2019-Kongress-1-201x300.jpg\" alt=\"2019 Kongress 1\" width=\"201\" height=\"300\" srcset=\"https:\/\/gussmagg-art.net\/wp-content\/uploads\/2020\/02\/2019-Kongress-1-201x300.jpg 201w, https:\/\/gussmagg-art.net\/wp-content\/uploads\/2020\/02\/2019-Kongress-1.jpg 644w\" sizes=\"(max-width: 201px) 100vw, 201px\" \/><\/a> <a href=\"http:\/\/www.gussmagg-art.com\/blog\/wp-content\/uploads\/2020\/02\/2019-Kongress-3.jpg\"><img loading=\"lazy\" class=\"alignnone size-medium wp-image-909\" src=\"http:\/\/www.gussmagg-art.com\/blog\/wp-content\/uploads\/2020\/02\/2019-Kongress-3-300x201.jpg\" alt=\"2019 Kongress 3\" width=\"300\" height=\"201\" srcset=\"https:\/\/gussmagg-art.net\/wp-content\/uploads\/2020\/02\/2019-Kongress-3-300x201.jpg 300w, https:\/\/gussmagg-art.net\/wp-content\/uploads\/2020\/02\/2019-Kongress-3.jpg 960w\" sizes=\"(max-width: 300px) 100vw, 300px\" \/><\/a><\/p>\n<p>&nbsp;<\/p>\n","protected":false},"excerpt":{"rendered":"<p>Alle 2 Jahre findet einer der gr\u00f6\u00dften Innovationskongresse Europas in Villach statt. Seit 2013 arbeite ich als \u201eKongressk\u00fcnstler\u201c immer wieder daran, die Trends und Stimmungen in verschiedener Form visuell festzuhalten. Diesmal habe ich mir zur Aufgabe gemacht 2 voneinander getrennte Bilder zu entwickeln. Das Erste ist ein GRAPHIC RECORDING, welches spontan w\u00e4hrend der Vortr\u00e4ge am [&hellip;]<\/p>\n","protected":false},"author":2,"featured_media":908,"comment_status":"open","ping_status":"open","sticky":false,"template":"","format":"standard","meta":[],"categories":[10,9,12,14],"tags":[],"_links":{"self":[{"href":"https:\/\/gussmagg-art.net\/index.php?rest_route=\/wp\/v2\/posts\/899"}],"collection":[{"href":"https:\/\/gussmagg-art.net\/index.php?rest_route=\/wp\/v2\/posts"}],"about":[{"href":"https:\/\/gussmagg-art.net\/index.php?rest_route=\/wp\/v2\/types\/post"}],"author":[{"embeddable":true,"href":"https:\/\/gussmagg-art.net\/index.php?rest_route=\/wp\/v2\/users\/2"}],"replies":[{"embeddable":true,"href":"https:\/\/gussmagg-art.net\/index.php?rest_route=%2Fwp%2Fv2%2Fcomments&post=899"}],"version-history":[{"count":3,"href":"https:\/\/gussmagg-art.net\/index.php?rest_route=\/wp\/v2\/posts\/899\/revisions"}],"predecessor-version":[{"id":912,"href":"https:\/\/gussmagg-art.net\/index.php?rest_route=\/wp\/v2\/posts\/899\/revisions\/912"}],"wp:featuredmedia":[{"embeddable":true,"href":"https:\/\/gussmagg-art.net\/index.php?rest_route=\/wp\/v2\/media\/908"}],"wp:attachment":[{"href":"https:\/\/gussmagg-art.net\/index.php?rest_route=%2Fwp%2Fv2%2Fmedia&parent=899"}],"wp:term":[{"taxonomy":"category","embeddable":true,"href":"https:\/\/gussmagg-art.net\/index.php?rest_route=%2Fwp%2Fv2%2Fcategories&post=899"},{"taxonomy":"post_tag","embeddable":true,"href":"https:\/\/gussmagg-art.net\/index.php?rest_route=%2Fwp%2Fv2%2Ftags&post=899"}],"curies":[{"name":"wp","href":"https:\/\/api.w.org\/{rel}","templated":true}]}}